{"id":109,"date":"2023-01-18T15:34:12","date_gmt":"2023-01-18T14:34:12","guid":{"rendered":"https:\/\/www.ammafisioterapia.com\/blog\/?p=109"},"modified":"2023-01-18T15:34:14","modified_gmt":"2023-01-18T14:34:14","slug":"2023-del-miedo-al-amor","status":"publish","type":"post","link":"https:\/\/www.ammafisioterapia.com\/blog\/2023-del-miedo-al-amor\/","title":{"rendered":"2023, del miedo al amor"},"content":{"rendered":"\n<figure class=\"wp-container-2 wp-block-gallery-1 wp-block-gallery has-nested-images columns-default is-cropped\">\n<figure class=\"wp-block-image size-large\"><img loading=\"lazy\" width=\"900\" height=\"600\" data-id=\"110\"  src=\"https:\/\/www.ammafisioterapia.com\/blog\/wp-content\/uploads\/2023\/01\/iluminacion-del-amanecer-y-el-atardecer.jpg\" alt=\"\" class=\"wp-image-110\" srcset=\"https:\/\/www.ammafisioterapia.com\/blog\/wp-content\/uploads\/2023\/01\/iluminacion-del-amanecer-y-el-atardecer.jpg 900w, https:\/\/www.ammafisioterapia.com\/blog\/wp-content\/uploads\/2023\/01\/iluminacion-del-amanecer-y-el-atardecer-300x200.jpg 300w, https:\/\/www.ammafisioterapia.com\/blog\/wp-content\/uploads\/2023\/01\/iluminacion-del-amanecer-y-el-atardecer-768x512.jpg 768w\" sizes=\"(max-width: 900px) 100vw, 900px\" \/><\/figure>\n<\/figure>\n\n\n\n<p><\/p>\n\n\n\n<p>El 2023 es un a\u00f1o de grandes retos, podemos convertirle en ese tiempo, que tanto necesitamos, para superar a\u00f1os de incertidumbre, inseguridad, dolor, sufrimiento y de mucho miedo.<\/p>\n\n\n\n<p>Y como podemos superar el miedo, tanto el individual como el colectivo, de una manera tan sencillo como ponerle palabras cada uno de nosotros a nuestros miedos, miremos hacia dentro para identificarlos.<\/p>\n\n\n\n<p>Para este a\u00f1o me propongo que aprendamos a expresar, a compartir, a mirar hacia dentro, para dar luz a tantos miedos que tenemos.<\/p>\n\n\n\n<p>Cuando tenemos una aver\u00eda en casa, r\u00e1pidamente preguntamos a conocidos por c\u00f3mo podemos arreglarlo, si tenemos un problema con hacienda corremos a preguntar a ese amigo que puede ayudarnos, cuando mi espalda me duele preguntamos por buenos fisioterapeutas, cuantas conversaciones tenemos sobre aparatos nuevos que salen, menudo \u00e9xito la freidora de aire en el 2022, quien la invento, ya millonario. Hablamos y compartimos tantas cosas de nuestra vida, pero a\u00fan seguimos sin hablar de lo que mueve al ser humano, nuestras emociones.<\/p>\n\n\n\n<p>El proceso m\u00e1s dif\u00edcil en mi desarrollo emocional y de crecimiento personal ha sido aceptar que cuanto m\u00e1s niego, rechazo, no miro y no acepto una emoci\u00f3n m\u00e1s se hace presente. Cuantas veces os ha pasado que una y otra vez vuelve el mismo problema.<\/p>\n\n\n\n<p>Si hay una emoci\u00f3n que nos acompa\u00f1a, y que trabajo a diario en consulta, es el MIEDO. Y al miedo hay que mirarlo y generar a su alrededor un espacio de AMOR, este crea seguridad y confianza que apaga al miedo.<\/p>\n\n\n\n<p>Con este art\u00edculo quiero poner nombre a muchos, muchos miedos que tenemos, y seguro que me faltaran muchos, muchos m\u00e1s. Espero que me ayud\u00e9is a completar mi lista, ya que miedo se siente desde el embarazo.<\/p>\n\n\n\n<p>Miedo a todo<\/p>\n\n\n\n<p>Miedo a ser yo<\/p>\n\n\n\n<p>Miedo a las personas<\/p>\n\n\n\n<p>Miedo a los padres<\/p>\n\n\n\n<p>Miedo a crecer<\/p>\n\n\n\n<p>Miedo a mi mente y sus pensamientos<\/p>\n\n\n\n<p>Miedo a hablar<\/p>\n\n\n\n<p>Miedo a avanzar<\/p>\n\n\n\n<p>Miedo a cambiar<\/p>\n\n\n\n<p>Miedo a exponerme<\/p>\n\n\n\n<p>Miedo a no ser aceptado<\/p>\n\n\n\n<p>Miedo a aceptarnos<\/p>\n\n\n\n<p>Miedo al rechazo<\/p>\n\n\n\n<p>Miedo a no ser querido<\/p>\n\n\n\n<p>Miedo a ser un mal hijo\/a<\/p>\n\n\n\n<p>Miedo al fracaso escolar<\/p>\n\n\n\n<p>Miedo a ser mal padre \/ madre<\/p>\n\n\n\n<p>Miedo a hacer mal mi trabajo<\/p>\n\n\n\n<p>Miedo a mis emociones<\/p>\n\n\n\n<p>Miedo a ir al colegio<\/p>\n\n\n\n<p>Miedo a los ex\u00e1menes<\/p>\n\n\n\n<p>Miedo a las enfermedades<\/p>\n\n\n\n<p>Miedo a morir<\/p>\n\n\n\n<p>Miedo a perder a los padres<\/p>\n\n\n\n<p>Miedo a la muerte de los hijos<\/p>\n\n\n\n<p>Miedo a decepcionar<\/p>\n\n\n\n<p>Miedo a amar<\/p>\n\n\n\n<p>Miedo al dolor f\u00edsico o emocional<\/p>\n\n\n\n<p>Miedo a ser invadido<\/p>\n\n\n\n<p>Miedo a perder el control<\/p>\n\n\n\n<p>Miedo a perder el trabajo<\/p>\n\n\n\n<p>Miedo a no poder pagar<\/p>\n\n\n\n<p>Miedo a la escasez<\/p>\n\n\n\n<p>Miedo a que sufran los hijos<\/p>\n\n\n\n<p>Miedo a estar solo<\/p>\n\n\n\n<p>Miedo a no pertenecer, ser excluido<\/p>\n\n\n\n<p>Miedo a no ser suficiente<\/p>\n\n\n\n<p>Miedo al \u00e9xito<\/p>\n\n\n\n<p>Miedo de nuestro valor<\/p>\n\n\n\n<p>Miedo a dormir<\/p>\n\n\n\n<p>Miedo a los ruidos<\/p>\n\n\n\n<p>Miedo a la oscuridad<\/p>\n\n\n\n<p>Miedo a mirar hacia mi interior<\/p>\n\n\n\n<p>Miedo a explorar<\/p>\n\n\n\n<p>Miedo a jugar<\/p>\n\n\n\n<p>Miedo a los otros ni\u00f1os<\/p>\n\n\n\n<p>Miedo cuando todo est\u00e1 bien<\/p>\n\n\n\n<p>Miedo a perder<\/p>\n\n\n\n<p>Miedo a ganar<\/p>\n\n\n\n<p>Miedo a que me miren, miedo a mirar<\/p>\n\n\n\n<p>Miedo a ser buena madre, padre<\/p>\n\n\n\n<p>Miedo a la violencia<\/p>\n\n\n\n<p>Miedo a una experiencia vivida<\/p>\n\n\n\n<p>Miedo a ara\u00f1as, perros, \u2026<\/p>\n\n\n\n<p>Miedo a los m\u00e9dicos, hospitales, agujas<\/p>\n\n\n\n<p>Miedo al silencio<\/p>\n\n\n\n<p>Miedo a no gustar<\/p>\n\n\n\n<p>Miedo al miedo<\/p>\n\n\n\n<p>S\u00e9 que hay muchos m\u00e1s, y conocerlos son de vital importancia porque el miedo genera en nosotros una respuesta de huida, bloqueo, o lucha que interfiere en nuestra vida.<\/p>\n\n\n\n<p>Y que debemos abrazar en este 2023 para minimizar los miedos, al AMOR, el amor en may\u00fasculas, amor a todo, a todos y los m\u00e1s importante amarnos a nosotros mismos con humildad y sinceridad.<\/p>\n\n\n\n<p>Mario Alonso Puig dice en una de sus conferencias sobre alcanzar un sue\u00f1o una frase de Miguel de Unamuno: ni adelante, ni atr\u00e1s, ni a la derecha, ni a la izquierda, ni arriba, ni abajo, sino ADENTRO.<\/p>\n\n\n\n<p>En 2023 debemos mirar hacia dentro, para ello tenemos que dedicarle tiempo a no hacer nada hacia fuera y si a escucharnos, mirarnos y sentirnos. Si yo cambio todo cambia, no esperemos que el cambio sea global, porque entonces no se dar\u00e1. Tenemos que asumir la responsabilidad de nuestro cambio.<\/p>\n","protected":false},"excerpt":{"rendered":"<p>El 2023 es un a\u00f1o de grandes retos, podemos convertirle en ese tiempo, que tanto necesitamos, para superar a\u00f1os de incertidumbre, inseguridad, dolor, sufrimiento y de mucho miedo. Y como podemos superar el miedo, tanto el individual como el colectivo, de una manera tan sencillo como ponerle palabras cada uno de nosotros a nuestros miedos, [&hellip;]<\/p>\n","protected":false},"author":2,"featured_media":0,"comment_status":"open","ping_status":"open","sticky":false,"template":"","format":"standard","meta":[],"categories":[1],"tags":[],"yoast_head":"<!-- This site is optimized with the Yoast SEO plugin v19.6 - https:\/\/yoast.com\/wordpress\/plugins\/seo\/ -->\n<title>2023, del miedo al amor - Amma Blog<\/title>\n<meta name=\"robots\" content=\"index, follow, max-snippet:-1, max-image-preview:large, max-video-preview:-1\" \/>\n<link rel=\"canonical\" href=\"https:\/\/www.ammafisioterapia.com\/blog\/2023-del-miedo-al-amor\/\" \/>\n<meta property=\"og:locale\" content=\"es_ES\" \/>\n<meta property=\"og:type\" content=\"article\" \/>\n<meta property=\"og:title\" content=\"2023, del miedo al amor - Amma Blog\" \/>\n<meta property=\"og:description\" content=\"El 2023 es un a\u00f1o de grandes retos, podemos convertirle en ese tiempo, que tanto necesitamos, para superar a\u00f1os de incertidumbre, inseguridad, dolor, sufrimiento y de mucho miedo. Y como podemos superar el miedo, tanto el individual como el colectivo, de una manera tan sencillo como ponerle palabras cada uno de nosotros a nuestros miedos, [&hellip;]\" \/>\n<meta property=\"og:url\" content=\"https:\/\/www.ammafisioterapia.com\/blog\/2023-del-miedo-al-amor\/\" \/>\n<meta property=\"og:site_name\" content=\"Amma Blog\" \/>\n<meta property=\"article:published_time\" content=\"2023-01-18T14:34:12+00:00\" \/>\n<meta property=\"article:modified_time\" content=\"2023-01-18T14:34:14+00:00\" \/>\n<meta property=\"og:image\" content=\"https:\/\/www.ammafisioterapia.com\/blog\/wp-content\/uploads\/2023\/01\/iluminacion-del-amanecer-y-el-atardecer.jpg\" \/>\n<meta name=\"author\" content=\"ANA MARUG\u00c1N\" \/>\n<meta name=\"twitter:card\" content=\"summary_large_image\" \/>\n<meta name=\"twitter:label1\" content=\"Escrito por\" \/>\n\t<meta name=\"twitter:data1\" content=\"ANA MARUG\u00c1N\" \/>\n\t<meta name=\"twitter:label2\" content=\"Tiempo de lectura\" \/>\n\t<meta name=\"twitter:data2\" content=\"4 minutos\" \/>\n<script type=\"application\/ld+json\" class=\"yoast-schema-graph\">{\"@context\":\"https:\/\/schema.org\",\"@graph\":[{\"@type\":\"Article\",\"@id\":\"https:\/\/www.ammafisioterapia.com\/blog\/2023-del-miedo-al-amor\/#article\",\"isPartOf\":{\"@id\":\"https:\/\/www.ammafisioterapia.com\/blog\/2023-del-miedo-al-amor\/\"},\"author\":{\"name\":\"ANA MARUG\u00c1N\",\"@id\":\"https:\/\/www.ammafisioterapia.com\/blog\/#\/schema\/person\/b3cf45eb1eb0bc20d4b69c1b86b90a10\"},\"headline\":\"2023, del miedo al amor\",\"datePublished\":\"2023-01-18T14:34:12+00:00\",\"dateModified\":\"2023-01-18T14:34:14+00:00\",\"mainEntityOfPage\":{\"@id\":\"https:\/\/www.ammafisioterapia.com\/blog\/2023-del-miedo-al-amor\/\"},\"wordCount\":718,\"commentCount\":0,\"publisher\":{\"@id\":\"https:\/\/www.ammafisioterapia.com\/blog\/#organization\"},\"articleSection\":[\"Varios\"],\"inLanguage\":\"es\",\"potentialAction\":[{\"@type\":\"CommentAction\",\"name\":\"Comment\",\"target\":[\"https:\/\/www.ammafisioterapia.com\/blog\/2023-del-miedo-al-amor\/#respond\"]}]},{\"@type\":\"WebPage\",\"@id\":\"https:\/\/www.ammafisioterapia.com\/blog\/2023-del-miedo-al-amor\/\",\"url\":\"https:\/\/www.ammafisioterapia.com\/blog\/2023-del-miedo-al-amor\/\",\"name\":\"2023, del miedo al amor - Amma Blog\",\"isPartOf\":{\"@id\":\"https:\/\/www.ammafisioterapia.com\/blog\/#website\"},\"datePublished\":\"2023-01-18T14:34:12+00:00\",\"dateModified\":\"2023-01-18T14:34:14+00:00\",\"breadcrumb\":{\"@id\":\"https:\/\/www.ammafisioterapia.com\/blog\/2023-del-miedo-al-amor\/#breadcrumb\"},\"inLanguage\":\"es\",\"potentialAction\":[{\"@type\":\"ReadAction\",\"target\":[\"https:\/\/www.ammafisioterapia.com\/blog\/2023-del-miedo-al-amor\/\"]}]},{\"@type\":\"BreadcrumbList\",\"@id\":\"https:\/\/www.ammafisioterapia.com\/blog\/2023-del-miedo-al-amor\/#breadcrumb\",\"itemListElement\":[{\"@type\":\"ListItem\",\"position\":1,\"name\":\"Portada\",\"item\":\"https:\/\/www.ammafisioterapia.com\/blog\/\"},{\"@type\":\"ListItem\",\"position\":2,\"name\":\"2023, del miedo al amor\"}]},{\"@type\":\"WebSite\",\"@id\":\"https:\/\/www.ammafisioterapia.com\/blog\/#website\",\"url\":\"https:\/\/www.ammafisioterapia.com\/blog\/\",\"name\":\"Amma Blog\",\"description\":\"\",\"publisher\":{\"@id\":\"https:\/\/www.ammafisioterapia.com\/blog\/#organization\"},\"potentialAction\":[{\"@type\":\"SearchAction\",\"target\":{\"@type\":\"EntryPoint\",\"urlTemplate\":\"https:\/\/www.ammafisioterapia.com\/blog\/?s={search_term_string}\"},\"query-input\":\"required name=search_term_string\"}],\"inLanguage\":\"es\"},{\"@type\":\"Organization\",\"@id\":\"https:\/\/www.ammafisioterapia.com\/blog\/#organization\",\"name\":\"Amma Blog\",\"url\":\"https:\/\/www.ammafisioterapia.com\/blog\/\",\"sameAs\":[],\"logo\":{\"@type\":\"ImageObject\",\"inLanguage\":\"es\",\"@id\":\"https:\/\/www.ammafisioterapia.com\/blog\/#\/schema\/logo\/image\/\",\"url\":\"https:\/\/www.ammafisioterapia.com\/blog\/wp-content\/uploads\/2020\/12\/header_logo.png\",\"contentUrl\":\"https:\/\/www.ammafisioterapia.com\/blog\/wp-content\/uploads\/2020\/12\/header_logo.png\",\"width\":400,\"height\":100,\"caption\":\"Amma Blog\"},\"image\":{\"@id\":\"https:\/\/www.ammafisioterapia.com\/blog\/#\/schema\/logo\/image\/\"}},{\"@type\":\"Person\",\"@id\":\"https:\/\/www.ammafisioterapia.com\/blog\/#\/schema\/person\/b3cf45eb1eb0bc20d4b69c1b86b90a10\",\"name\":\"ANA MARUG\u00c1N\",\"image\":{\"@type\":\"ImageObject\",\"inLanguage\":\"es\",\"@id\":\"https:\/\/www.ammafisioterapia.com\/blog\/#\/schema\/person\/image\/\",\"url\":\"https:\/\/secure.gravatar.com\/avatar\/ea4247042659158ec1a630b3da3efbc9?s=96&d=mm&r=g\",\"contentUrl\":\"https:\/\/secure.gravatar.com\/avatar\/ea4247042659158ec1a630b3da3efbc9?s=96&d=mm&r=g\",\"caption\":\"ANA MARUG\u00c1N\"},\"url\":\"https:\/\/www.ammafisioterapia.com\/blog\/author\/amma\/\"}]}<\/script>\n<!-- \/ Yoast SEO plugin. -->","yoast_head_json":{"title":"2023, del miedo al amor - Amma Blog","robots":{"index":"index","follow":"follow","max-snippet":"max-snippet:-1","max-image-preview":"max-image-preview:large","max-video-preview":"max-video-preview:-1"},"canonical":"https:\/\/www.ammafisioterapia.com\/blog\/2023-del-miedo-al-amor\/","og_locale":"es_ES","og_type":"article","og_title":"2023, del miedo al amor - Amma Blog","og_description":"El 2023 es un a\u00f1o de grandes retos, podemos convertirle en ese tiempo, que tanto necesitamos, para superar a\u00f1os de incertidumbre, inseguridad, dolor, sufrimiento y de mucho miedo. Y como podemos superar el miedo, tanto el individual como el colectivo, de una manera tan sencillo como ponerle palabras cada uno de nosotros a nuestros miedos, [&hellip;]","og_url":"https:\/\/www.ammafisioterapia.com\/blog\/2023-del-miedo-al-amor\/","og_site_name":"Amma Blog","article_published_time":"2023-01-18T14:34:12+00:00","article_modified_time":"2023-01-18T14:34:14+00:00","og_image":[{"url":"https:\/\/www.ammafisioterapia.com\/blog\/wp-content\/uploads\/2023\/01\/iluminacion-del-amanecer-y-el-atardecer.jpg"}],"author":"ANA MARUG\u00c1N","twitter_card":"summary_large_image","twitter_misc":{"Escrito por":"ANA MARUG\u00c1N","Tiempo de lectura":"4 minutos"},"schema":{"@context":"https:\/\/schema.org","@graph":[{"@type":"Article","@id":"https:\/\/www.ammafisioterapia.com\/blog\/2023-del-miedo-al-amor\/#article","isPartOf":{"@id":"https:\/\/www.ammafisioterapia.com\/blog\/2023-del-miedo-al-amor\/"},"author":{"name":"ANA MARUG\u00c1N","@id":"https:\/\/www.ammafisioterapia.com\/blog\/#\/schema\/person\/b3cf45eb1eb0bc20d4b69c1b86b90a10"},"headline":"2023, del miedo al amor","datePublished":"2023-01-18T14:34:12+00:00","dateModified":"2023-01-18T14:34:14+00:00","mainEntityOfPage":{"@id":"https:\/\/www.ammafisioterapia.com\/blog\/2023-del-miedo-al-amor\/"},"wordCount":718,"commentCount":0,"publisher":{"@id":"https:\/\/www.ammafisioterapia.com\/blog\/#organization"},"articleSection":["Varios"],"inLanguage":"es","potentialAction":[{"@type":"CommentAction","name":"Comment","target":["https:\/\/www.ammafisioterapia.com\/blog\/2023-del-miedo-al-amor\/#respond"]}]},{"@type":"WebPage","@id":"https:\/\/www.ammafisioterapia.com\/blog\/2023-del-miedo-al-amor\/","url":"https:\/\/www.ammafisioterapia.com\/blog\/2023-del-miedo-al-amor\/","name":"2023, del miedo al amor - Amma Blog","isPartOf":{"@id":"https:\/\/www.ammafisioterapia.com\/blog\/#website"},"datePublished":"2023-01-18T14:34:12+00:00","dateModified":"2023-01-18T14:34:14+00:00","breadcrumb":{"@id":"https:\/\/www.ammafisioterapia.com\/blog\/2023-del-miedo-al-amor\/#breadcrumb"},"inLanguage":"es","potentialAction":[{"@type":"ReadAction","target":["https:\/\/www.ammafisioterapia.com\/blog\/2023-del-miedo-al-amor\/"]}]},{"@type":"BreadcrumbList","@id":"https:\/\/www.ammafisioterapia.com\/blog\/2023-del-miedo-al-amor\/#breadcrumb","itemListElement":[{"@type":"ListItem","position":1,"name":"Portada","item":"https:\/\/www.ammafisioterapia.com\/blog\/"},{"@type":"ListItem","position":2,"name":"2023, del miedo al amor"}]},{"@type":"WebSite","@id":"https:\/\/www.ammafisioterapia.com\/blog\/#website","url":"https:\/\/www.ammafisioterapia.com\/blog\/","name":"Amma Blog","description":"","publisher":{"@id":"https:\/\/www.ammafisioterapia.com\/blog\/#organization"},"potentialAction":[{"@type":"SearchAction","target":{"@type":"EntryPoint","urlTemplate":"https:\/\/www.ammafisioterapia.com\/blog\/?s={search_term_string}"},"query-input":"required name=search_term_string"}],"inLanguage":"es"},{"@type":"Organization","@id":"https:\/\/www.ammafisioterapia.com\/blog\/#organization","name":"Amma Blog","url":"https:\/\/www.ammafisioterapia.com\/blog\/","sameAs":[],"logo":{"@type":"ImageObject","inLanguage":"es","@id":"https:\/\/www.ammafisioterapia.com\/blog\/#\/schema\/logo\/image\/","url":"https:\/\/www.ammafisioterapia.com\/blog\/wp-content\/uploads\/2020\/12\/header_logo.png","contentUrl":"https:\/\/www.ammafisioterapia.com\/blog\/wp-content\/uploads\/2020\/12\/header_logo.png","width":400,"height":100,"caption":"Amma Blog"},"image":{"@id":"https:\/\/www.ammafisioterapia.com\/blog\/#\/schema\/logo\/image\/"}},{"@type":"Person","@id":"https:\/\/www.ammafisioterapia.com\/blog\/#\/schema\/person\/b3cf45eb1eb0bc20d4b69c1b86b90a10","name":"ANA MARUG\u00c1N","image":{"@type":"ImageObject","inLanguage":"es","@id":"https:\/\/www.ammafisioterapia.com\/blog\/#\/schema\/person\/image\/","url":"https:\/\/secure.gravatar.com\/avatar\/ea4247042659158ec1a630b3da3efbc9?s=96&d=mm&r=g","contentUrl":"https:\/\/secure.gravatar.com\/avatar\/ea4247042659158ec1a630b3da3efbc9?s=96&d=mm&r=g","caption":"ANA MARUG\u00c1N"},"url":"https:\/\/www.ammafisioterapia.com\/blog\/author\/amma\/"}]}},"_links":{"self":[{"href":"https:\/\/www.ammafisioterapia.com\/blog\/wp-json\/wp\/v2\/posts\/109"}],"collection":[{"href":"https:\/\/www.ammafisioterapia.com\/blog\/wp-json\/wp\/v2\/posts"}],"about":[{"href":"https:\/\/www.ammafisioterapia.com\/blog\/wp-json\/wp\/v2\/types\/post"}],"author":[{"embeddable":true,"href":"https:\/\/www.ammafisioterapia.com\/blog\/wp-json\/wp\/v2\/users\/2"}],"replies":[{"embeddable":true,"href":"https:\/\/www.ammafisioterapia.com\/blog\/wp-json\/wp\/v2\/comments?post=109"}],"version-history":[{"count":1,"href":"https:\/\/www.ammafisioterapia.com\/blog\/wp-json\/wp\/v2\/posts\/109\/revisions"}],"predecessor-version":[{"id":111,"href":"https:\/\/www.ammafisioterapia.com\/blog\/wp-json\/wp\/v2\/posts\/109\/revisions\/111"}],"wp:attachment":[{"href":"https:\/\/www.ammafisioterapia.com\/blog\/wp-json\/wp\/v2\/media?parent=109"}],"wp:term":[{"taxonomy":"category","embeddable":true,"href":"https:\/\/www.ammafisioterapia.com\/blog\/wp-json\/wp\/v2\/categories?post=109"},{"taxonomy":"post_tag","embeddable":true,"href":"https:\/\/www.ammafisioterapia.com\/blog\/wp-json\/wp\/v2\/tags?post=109"}],"curies":[{"name":"wp","href":"https:\/\/api.w.org\/{rel}","templated":true}]}}